{"id":1846,"date":"2022-09-13T18:14:49","date_gmt":"2022-09-13T18:14:49","guid":{"rendered":"https:\/\/conavigua.org.gt\/es\/?p=1846"},"modified":"2022-09-13T18:22:58","modified_gmt":"2022-09-13T18:22:58","slug":"34-anos-defendiendo-los-derechos-de-las-mujeres-indigenas","status":"publish","type":"post","link":"https:\/\/conavigua.org.gt\/es\/2022\/09\/13\/34-anos-defendiendo-los-derechos-de-las-mujeres-indigenas\/","title":{"rendered":"34 a\u00f1os defendiendo los derechos de las mujeres ind\u00edgenas"},"content":{"rendered":"<p><span id=\"page3R_mcid11\" class=\"markedContent\"><span dir=\"ltr\" role=\"presentation\">EXPRESAMOS<\/span><\/span><\/p>\n<p><span id=\"page3R_mcid13\" class=\"markedContent\"><span dir=\"ltr\" role=\"presentation\">Que en los d\u00edas 10, 11, 12 de septiembre de 1988 nos reunimos mujeres mayas<\/span> <span dir=\"ltr\" role=\"presentation\">sobrevivientes del genocidio; provenientes de los departamentos de Quich\u00e9, Solol\u00e1<\/span> <span dir=\"ltr\" role=\"presentation\">y Chimaltenango y esta semilla fue fertiliz\u00e1ndose hasta llegar a 11 departamentos<\/span> <span dir=\"ltr\" role=\"presentation\">donde hoy estamos presentes defendiendo nuestros derechos y defendiendo los<\/span> <span dir=\"ltr\" role=\"presentation\">derechos de la Madre Tierra, territorio, bosques, r\u00edos, las semillas nativas, el arte de<\/span> <span dir=\"ltr\" role=\"presentation\">nuestra indumentaria y la lucha contra la violencia que afect\u00f3 la vida de nosotras las <\/span><span dir=\"ltr\" role=\"presentation\">mujeres.<\/span><\/span><span id=\"page3R_mcid14\" class=\"markedContent\"><\/span><span id=\"page3R_mcid15\" class=\"markedContent\"><\/span><\/p>\n<p><span id=\"page3R_mcid15\" class=\"markedContent\"><br role=\"presentation\" \/><span dir=\"ltr\" role=\"presentation\">Celebramos nuestros 34 a\u00f1os de organizaci\u00f3n, lucha, resistencia y denuncias<\/span> <span dir=\"ltr\" role=\"presentation\">contra las violaciones a los derechos humanos individuales y colectivos de las<\/span> <span dir=\"ltr\" role=\"presentation\">mujeres, especialmente las viudas, las y los hu\u00e9rfanos que sobrevivimos de las<\/span> <span dir=\"ltr\" role=\"presentation\">masacres,<\/span> <span dir=\"ltr\" role=\"presentation\">la<\/span> <span dir=\"ltr\" role=\"presentation\">desaparici\u00f3n<\/span> <span dir=\"ltr\" role=\"presentation\">forzada,<\/span> <span dir=\"ltr\" role=\"presentation\">la<\/span> <span dir=\"ltr\" role=\"presentation\">tortura<\/span> <span dir=\"ltr\" role=\"presentation\">y<\/span> <span dir=\"ltr\" role=\"presentation\">las<\/span> <span dir=\"ltr\" role=\"presentation\">violaciones<\/span> <span dir=\"ltr\" role=\"presentation\">sexuales<\/span> <span dir=\"ltr\" role=\"presentation\">que<\/span> <span dir=\"ltr\" role=\"presentation\">impulsaron militares y grupos paramilitares, dejando huellas imborrables en la vida<\/span> <span dir=\"ltr\" role=\"presentation\">de nosotras como abuelas, madres, hijas e hijos.<\/span><\/span><span id=\"page3R_mcid16\" class=\"markedContent\"><\/span><span id=\"page3R_mcid17\" class=\"markedContent\"><\/span><\/p>\n<p><span id=\"page3R_mcid17\" class=\"markedContent\"><br role=\"presentation\" \/><span dir=\"ltr\" role=\"presentation\">Desde<\/span> <span dir=\"ltr\" role=\"presentation\">las<\/span> <span dir=\"ltr\" role=\"presentation\">mujeres<\/span> <span dir=\"ltr\" role=\"presentation\">que<\/span> <span dir=\"ltr\" role=\"presentation\">venimos<\/span> <span dir=\"ltr\" role=\"presentation\">de<\/span> <span dir=\"ltr\" role=\"presentation\">la<\/span> <span dir=\"ltr\" role=\"presentation\">historia<\/span> <span dir=\"ltr\" role=\"presentation\">del<\/span> <span dir=\"ltr\" role=\"presentation\">genocidio<\/span> <span dir=\"ltr\" role=\"presentation\">y<\/span> <span dir=\"ltr\" role=\"presentation\">que<\/span> <span dir=\"ltr\" role=\"presentation\">hemos<\/span> <span dir=\"ltr\" role=\"presentation\">acompa\u00f1ado a mujeres que valientemente se atrevieron a denunciar la violaci\u00f3n<\/span> <span dir=\"ltr\" role=\"presentation\">sexual contra las mujeres de Tululch\u00e9 en Chich\u00e9, el Quich\u00e9, as\u00ed como juicios contra<\/span> <span dir=\"ltr\" role=\"presentation\">responsables de las torturas y desaparici\u00f3n forzada donde nuestros familiares<\/span> <span dir=\"ltr\" role=\"presentation\">secuestrados<\/span> <span dir=\"ltr\" role=\"presentation\">y<\/span> <span dir=\"ltr\" role=\"presentation\">desaparecidas<\/span> <span dir=\"ltr\" role=\"presentation\">fueron<\/span> <span dir=\"ltr\" role=\"presentation\">dejados<\/span> <span dir=\"ltr\" role=\"presentation\">como<\/span> <span dir=\"ltr\" role=\"presentation\">XX<\/span> <span dir=\"ltr\" role=\"presentation\">en<\/span> <span dir=\"ltr\" role=\"presentation\">cementerios<\/span> <\/span><span id=\"page3R_mcid17\" class=\"markedContent\"><span dir=\"ltr\" role=\"presentation\">clandestinos.<\/span><\/span><span id=\"page3R_mcid18\" class=\"markedContent\"><\/span><span id=\"page3R_mcid19\" class=\"markedContent\"><\/span><\/p>\n<p><span id=\"page3R_mcid19\" class=\"markedContent\"><br role=\"presentation\" \/><span dir=\"ltr\" role=\"presentation\">Esta cruel represi\u00f3n pol\u00edtica de gobiernos que en el pasado fueron responsables de<\/span> <span dir=\"ltr\" role=\"presentation\">la existencia de miles y miles de cementerios clandestinos, hoy gracias al esfuerzo<\/span> <span dir=\"ltr\" role=\"presentation\">de las mujeres, hemos logrado que, con el apoyo de la Fundaci\u00f3n de Antropolog\u00eda<\/span> <span dir=\"ltr\" role=\"presentation\">Forense de Guatemala, se les haya podido dar una identidad y tambi\u00e9n darles un<\/span> <span dir=\"ltr\" role=\"presentation\">entierro digno.<\/span><\/span><span id=\"page3R_mcid20\" class=\"markedContent\"><\/span><span id=\"page3R_mcid21\" class=\"markedContent\"><\/span><\/p>\n<p><span id=\"page3R_mcid21\" class=\"markedContent\"><br role=\"presentation\" \/><span dir=\"ltr\" role=\"presentation\">A lo largo de estos a\u00f1os hemos experimentado procesos junto a organizaciones<\/span> <span dir=\"ltr\" role=\"presentation\">aliadas, redes y coordinaciones a nivel local, nacional e internacional para avanzar<\/span> <span dir=\"ltr\" role=\"presentation\">en la incidencia, di\u00e1logo y propuestas a favor de las mujeres, juventud y pueblos<\/span> <span dir=\"ltr\" role=\"presentation\">ind\u00edgenas, somos cientos de mujeres que hemos elevado nuestra voz de denuncia<\/span> <span dir=\"ltr\" role=\"presentation\">contra la injusticia, el alto costo de la vida, la violencia contra las mujeres, as\u00ed como<\/span> <span dir=\"ltr\" role=\"presentation\">demandar justicia por el genocidio que hemos sufrido los pueblos ind\u00edgenas.<\/span><\/span><span id=\"page3R_mcid22\" class=\"markedContent\"><\/span><span id=\"page3R_mcid23\" class=\"markedContent\"><\/span><\/p>\n<p><span id=\"page3R_mcid23\" class=\"markedContent\"><br role=\"presentation\" \/><span dir=\"ltr\" role=\"presentation\">Coordinadora Nacional de Viudas de Guatemala<\/span><\/span><span id=\"page3R_mcid24\" class=\"markedContent\"> <span dir=\"ltr\" role=\"presentation\">CONAVIGUA<\/span><\/span><span id=\"page3R_mcid25\" class=\"markedContent\"> <span dir=\"ltr\" role=\"presentation\">Email:<\/span><\/span><span id=\"page3R_mcid26\" class=\"markedContent\"> <span dir=\"ltr\" role=\"presentation\">administracion<\/span><\/span><span id=\"page3R_mcid27\" class=\"markedContent\"><span dir=\"ltr\" role=\"presentation\">@conavigua.org.gt<\/span><\/span><span id=\"page3R_mcid28\" class=\"markedContent\"> <span dir=\"ltr\" role=\"presentation\">Tels.: (502) 2253-7914<\/span><\/span><span id=\"page3R_mcid29\" class=\"markedContent\"> <span dir=\"ltr\" role=\"presentation\">8\u00aa. Av. 2-29 Zona 1, Guatemala Ciudad<\/span> <span dir=\"ltr\" role=\"presentation\">Fax: (502) 2232-5642<\/span><\/span><span id=\"page3R_mcid30\" class=\"markedContent\"><\/span><span id=\"page3R_mcid31\" class=\"markedContent\"><\/span><span id=\"page3R_mcid32\" class=\"markedContent\"> <span dir=\"ltr\" role=\"presentation\">Ixchel<\/span><\/span><span id=\"page3R_mcid33\" class=\"markedContent\"><\/span><span id=\"page3R_mcid34\" class=\"markedContent\"> <span dir=\"ltr\" role=\"presentation\">Sagrado Ma\u00edz<\/span><\/span><span id=\"page3R_mcid35\" class=\"markedContent\"><\/span><\/p>\n<p><span id=\"page20R_mcid1\" class=\"markedContent\"><span dir=\"ltr\" role=\"presentation\">Nos anima ver a mujeres viudas, j\u00f3venes, ni\u00f1as y adolescentes abanderar procesos<\/span> <span dir=\"ltr\" role=\"presentation\">de lucha para\u00a0 erradicar la violencia contra las mujeres, las desigualdades que<\/span> <span dir=\"ltr\" role=\"presentation\">afectan nuestro ser. Hoy tenemos peque\u00f1os avances donde la participaci\u00f3n de las<\/span> <span dir=\"ltr\" role=\"presentation\">mujeres est\u00e1 presente en los COCODES, COMUDES, autoridades ancestrales y<\/span> <span dir=\"ltr\" role=\"presentation\">distintos comit\u00e9s en las comunidades. Las voces de las mujeres sobrevivientes de<\/span> <span dir=\"ltr\" role=\"presentation\">la guerra estamos presentes en las luchas contra el olvido, la corrupci\u00f3n y la<\/span> <span dir=\"ltr\" role=\"presentation\">impunidad.<\/span><\/span><span id=\"page20R_mcid2\" class=\"markedContent\"><\/span><span id=\"page20R_mcid3\" class=\"markedContent\"><\/span><\/p>\n<p><span id=\"page20R_mcid3\" class=\"markedContent\"><br role=\"presentation\" \/><span dir=\"ltr\" role=\"presentation\">Nada ha sido f\u00e1cil para las mujeres de CONAVIGUA, pero hemos logrado la<\/span> <span dir=\"ltr\" role=\"presentation\">organizaci\u00f3n a trav\u00e9s de la confianza, el respeto, la participaci\u00f3n y di\u00e1logo constante<\/span> <span dir=\"ltr\" role=\"presentation\">a nivel intergeneracional.<\/span><\/span><span id=\"page20R_mcid4\" class=\"markedContent\"><\/span><span id=\"page20R_mcid5\" class=\"markedContent\"><\/span><\/p>\n<p><span id=\"page20R_mcid5\" class=\"markedContent\"><br role=\"presentation\" \/><span dir=\"ltr\" role=\"presentation\">Al llegar a los 34 a\u00f1os rendimos homenaje a las hermanas que dieron su vida, su<\/span> <span dir=\"ltr\" role=\"presentation\">sangre en este camino, recordamos tambi\u00e9n a nuestras hermanas lideresas que<\/span> <span dir=\"ltr\" role=\"presentation\">han fallecido por enfermedad y por la edad avanzada, su legado de lucha y entrega<\/span> <span dir=\"ltr\" role=\"presentation\">nos acompa\u00f1a siempre en este camino por alcanzar la verdad, la paz y la justicia<\/span> <span dir=\"ltr\" role=\"presentation\">para las mujeres y las familias.<\/span><\/span><span id=\"page20R_mcid6\" class=\"markedContent\"><\/span><span id=\"page20R_mcid7\" class=\"markedContent\"><\/span><\/p>\n<p><span id=\"page20R_mcid7\" class=\"markedContent\"><br role=\"presentation\" \/><span dir=\"ltr\" role=\"presentation\">Nuestro compromiso es seguir aportando en el impulso de la soberan\u00eda alimentaria,<\/span> <span dir=\"ltr\" role=\"presentation\">el empoderamiento econ\u00f3mico de las mujeres y j\u00f3venes, as\u00ed como el conocimiento<\/span> <span dir=\"ltr\" role=\"presentation\">y defensa de los derechos de las ni\u00f1as y adolescentes e impulsar pol\u00edticas p\u00fablicas<\/span> <span dir=\"ltr\" role=\"presentation\">que atiendan a las mujeres.<\/span><\/span><span id=\"page20R_mcid8\" class=\"markedContent\"><\/span><\/p>\n<p><span id=\"page20R_mcid8\" class=\"markedContent\"><br role=\"presentation\" \/><span dir=\"ltr\" role=\"presentation\">Seguiremos trabajando junto a las organizaciones hermanas para que el Congreso<\/span> <span dir=\"ltr\" role=\"presentation\">de la Rep\u00fablica, reconozca la competencia del Comit\u00e9 para la Eliminaci\u00f3n de la<\/span> <span dir=\"ltr\" role=\"presentation\">Discriminaci\u00f3n Racial CERD; la aprobaci\u00f3n del D\u00eda Nacional de la Dignificaci\u00f3n de<\/span> <span dir=\"ltr\" role=\"presentation\">las Mujeres Ind\u00edgenas el 5 de septiembre de cada a\u00f1o, y el D\u00eda del Reconocimiento<\/span> <span dir=\"ltr\" role=\"presentation\">de<\/span> <span dir=\"ltr\" role=\"presentation\">los<\/span> <span dir=\"ltr\" role=\"presentation\">Idiomas<\/span> <span dir=\"ltr\" role=\"presentation\">Ind\u00edgenas<\/span> <span dir=\"ltr\" role=\"presentation\">el<\/span> <span dir=\"ltr\" role=\"presentation\">21<\/span> <span dir=\"ltr\" role=\"presentation\">de<\/span> <span dir=\"ltr\" role=\"presentation\">febrero<\/span> <span dir=\"ltr\" role=\"presentation\">de<\/span> <span dir=\"ltr\" role=\"presentation\">cada<\/span> <span dir=\"ltr\" role=\"presentation\">a\u00f1o.<\/span> <span dir=\"ltr\" role=\"presentation\">Trabajaremos<\/span> <span dir=\"ltr\" role=\"presentation\">incasablemente junto a organizaciones hermanas para alcanzar la autonom\u00eda de la<\/span> <span dir=\"ltr\" role=\"presentation\">Defensor\u00eda de la Mujer Ind\u00edgena DEMI.<\/span><\/span><span id=\"page20R_mcid9\" class=\"markedContent\"><\/span><span id=\"page20R_mcid10\" class=\"markedContent\"><\/span><\/p>\n<p><span id=\"page20R_mcid10\" class=\"markedContent\"><br role=\"presentation\" \/><span dir=\"ltr\" role=\"presentation\">Animamos y nos solidarizamos con todas las mujeres ind\u00edgenas que est\u00e1n siendo<\/span> <span dir=\"ltr\" role=\"presentation\">perseguidas y criminalizadas por levantar su voz y por denuncia los atropellos contra<\/span> <span dir=\"ltr\" role=\"presentation\">los pueblos ind\u00edgenas en defensa de los cerros, r\u00edos, bosques, tierra y territorio; los<\/span> <span dir=\"ltr\" role=\"presentation\">espacios en los medios de comunicaci\u00f3n y otros.<\/span><\/span><span id=\"page20R_mcid11\" class=\"markedContent\"><\/span><span id=\"page20R_mcid12\" class=\"markedContent\"><\/span><\/p>\n<p><span id=\"page20R_mcid12\" class=\"markedContent\"><br role=\"presentation\" \/><span dir=\"ltr\" role=\"presentation\">Nuestro compromiso es alcanzar la plenitud de vida para las mujeres y pueblos<\/span> <span dir=\"ltr\" role=\"presentation\">ind\u00edgenas para que juntos construyamos el Estado Plurinacional.<\/span><\/span><\/p>\n<p style=\"text-align: center;\"><strong><span id=\"page20R_mcid14\" class=\"markedContent\"><span dir=\"ltr\" role=\"presentation\">Por la Unidad y Dignidad de las Mujeres CONAVIGUA presente.<\/span><\/span><span id=\"page20R_mcid15\" class=\"markedContent\"><br role=\"presentation\" \/><span dir=\"ltr\" role=\"presentation\">Que vivan los 34 a\u00f1os de trabajo y de lucha.<\/span><\/span><span id=\"page20R_mcid16\" class=\"markedContent\"><br role=\"presentation\" \/><span dir=\"ltr\" role=\"presentation\">Guatemala 12 de septiembre de 2022.<\/span><\/span><\/strong><\/p>\n","protected":false},"excerpt":{"rendered":"<p>EXPRESAMOS Que en los d\u00edas 10, 11, 12 de septiembre de 1988 nos reunimos mujeres mayas sobrevivientes del genocidio; provenientes de los [&hellip;]<\/p>\n","protected":false},"author":1,"featured_media":1754,"comment_status":"open","ping_status":"closed","sticky":false,"template":"","format":"standard","meta":{"footnotes":""},"categories":[35],"tags":[],"class_list":["post-1846","post","type-post","status-publish","format-standard","has-post-thumbnail","hentry","category-comunicados"],"_links":{"self":[{"href":"https:\/\/conavigua.org.gt\/es\/wp-json\/wp\/v2\/posts\/1846","targetHints":{"allow":["GET"]}}],"collection":[{"href":"https:\/\/conavigua.org.gt\/es\/wp-json\/wp\/v2\/posts"}],"about":[{"href":"https:\/\/conavigua.org.gt\/es\/wp-json\/wp\/v2\/types\/post"}],"author":[{"embeddable":true,"href":"https:\/\/conavigua.org.gt\/es\/wp-json\/wp\/v2\/users\/1"}],"replies":[{"embeddable":true,"href":"https:\/\/conavigua.org.gt\/es\/wp-json\/wp\/v2\/comments?post=1846"}],"version-history":[{"count":1,"href":"https:\/\/conavigua.org.gt\/es\/wp-json\/wp\/v2\/posts\/1846\/revisions"}],"predecessor-version":[{"id":1847,"href":"https:\/\/conavigua.org.gt\/es\/wp-json\/wp\/v2\/posts\/1846\/revisions\/1847"}],"wp:featuredmedia":[{"embeddable":true,"href":"https:\/\/conavigua.org.gt\/es\/wp-json\/wp\/v2\/media\/1754"}],"wp:attachment":[{"href":"https:\/\/conavigua.org.gt\/es\/wp-json\/wp\/v2\/media?parent=1846"}],"wp:term":[{"taxonomy":"category","embeddable":true,"href":"https:\/\/conavigua.org.gt\/es\/wp-json\/wp\/v2\/categories?post=1846"},{"taxonomy":"post_tag","embeddable":true,"href":"https:\/\/conavigua.org.gt\/es\/wp-json\/wp\/v2\/tags?post=1846"}],"curies":[{"name":"wp","href":"https:\/\/api.w.org\/{rel}","templated":true}]}}