{"id":2014,"date":"2023-11-25T23:34:20","date_gmt":"2023-11-25T23:34:20","guid":{"rendered":"https:\/\/conavigua.org.gt\/es\/?p=2014"},"modified":"2023-11-25T23:49:55","modified_gmt":"2023-11-25T23:49:55","slug":"2014","status":"publish","type":"post","link":"https:\/\/conavigua.org.gt\/es\/2023\/11\/25\/2014\/","title":{"rendered":"COMUNICADO CONAVIGUA"},"content":{"rendered":"<div class=\"fusion-fullwidth fullwidth-box fusion-builder-row-1 fusion-flex-container nonhundred-percent-fullwidth non-hundred-percent-height-scrolling\" style=\"--awb-border-radius-top-left:0px;--awb-border-radius-top-right:0px;--awb-border-radius-bottom-right:0px;--awb-border-radius-bottom-left:0px;--awb-flex-wrap:wrap;\" ><div class=\"fusion-builder-row fusion-row fusion-flex-align-items-flex-start fusion-flex-content-wrap\" style=\"max-width:1331.2px;margin-left: calc(-4% \/ 2 );margin-right: calc(-4% \/ 2 );\"><div class=\"fusion-layout-column fusion_builder_column fusion-builder-column-0 fusion_builder_column_1_1 1_1 fusion-flex-column\" style=\"--awb-bg-blend:overlay;--awb-bg-size:cover;--awb-width-large:100%;--awb-margin-top-large:0px;--awb-spacing-right-large:1.92%;--awb-margin-bottom-large:0px;--awb-spacing-left-large:1.92%;--awb-width-medium:100%;--awb-spacing-right-medium:1.92%;--awb-spacing-left-medium:1.92%;--awb-width-small:100%;--awb-spacing-right-small:1.92%;--awb-spacing-left-small:1.92%;\"><div class=\"fusion-column-wrapper fusion-flex-justify-content-center fusion-content-layout-column\"><div class=\"fusion-text fusion-text-1\"><div class=\"xdj266r x11i5rnm xat24cr x1mh8g0r x1vvkbs x126k92a\">\n<div dir=\"auto\">COMUNICADO CONAVIGUA<\/div>\n<div dir=\"auto\">A todas las mujeres ind\u00edgenas y mujeres del mundo.<\/div>\n<div dir=\"auto\">Expresamos:<\/div>\n<div dir=\"auto\">Este 25 de noviembre se conmemora el D\u00eda Internacional de la No Violencia, contra las Mujeres, es una fecha especial de reivindicar la vida, lucha, resistencia, trabajo y compromiso. En defensa de los derechos de las mujeres y los derechos espec\u00edficos de las mujeres ind\u00edgenas.<\/div>\n<\/div>\n<div class=\"x11i5rnm xat24cr x1mh8g0r x1vvkbs xtlvy1s x126k92a\">\n<div dir=\"auto\">Desde las mujeres sobrevivientes del genocidio rendimos nuestro homenaje .a las mujeres que derramaron su sangre y ofrendaron su vida luchando contra la violencia, pol\u00edtica del estado y contra todas las formas de violencias que afecta la vida de las mujeres.<\/div>\n<\/div>\n<div class=\"x11i5rnm xat24cr x1mh8g0r x1vvkbs xtlvy1s x126k92a\">\n<div dir=\"auto\">Reivindicamos la historia de miles de mujeres sobrevivientes de la violencia y violaci\u00f3n sexual, mujeres defensoras y luchadoras por la verdad, justicia y la dignificaci\u00f3n de nuestros seres queridos; y las que lucharon por la memoria hist\u00f3rica el racismo, estructural, hist\u00f3rico e ideol\u00f3gico, el alto costo de la vida, la lucha por la tierra, el territorio y todos los bienes naturales.<\/div>\n<\/div>\n<div class=\"x11i5rnm xat24cr x1mh8g0r x1vvkbs xtlvy1s x126k92a\">\n<div dir=\"auto\">Este d\u00eda alzamos nuestra voz contra el genocidio palestino, que afect\u00f3 la vida de miles de ni\u00f1as y ni\u00f1os, ancianos, mujeres desde nuestras tierras mayas demandamos un alto a los bombardeos, es urgente la paz para los pueblos que sufren la guerra.<\/div>\n<\/div>\n<\/div><\/div><\/div><\/div><\/div>\n","protected":false},"excerpt":{"rendered":"","protected":false},"author":5,"featured_media":2015,"comment_status":"open","ping_status":"closed","sticky":false,"template":"","format":"gallery","meta":{"footnotes":""},"categories":[35],"tags":[],"class_list":["post-2014","post","type-post","status-publish","format-gallery","has-post-thumbnail","hentry","category-comunicados","post_format-post-format-gallery"],"_links":{"self":[{"href":"https:\/\/conavigua.org.gt\/es\/wp-json\/wp\/v2\/posts\/2014","targetHints":{"allow":["GET"]}}],"collection":[{"href":"https:\/\/conavigua.org.gt\/es\/wp-json\/wp\/v2\/posts"}],"about":[{"href":"https:\/\/conavigua.org.gt\/es\/wp-json\/wp\/v2\/types\/post"}],"author":[{"embeddable":true,"href":"https:\/\/conavigua.org.gt\/es\/wp-json\/wp\/v2\/users\/5"}],"replies":[{"embeddable":true,"href":"https:\/\/conavigua.org.gt\/es\/wp-json\/wp\/v2\/comments?post=2014"}],"version-history":[{"count":5,"href":"https:\/\/conavigua.org.gt\/es\/wp-json\/wp\/v2\/posts\/2014\/revisions"}],"predecessor-version":[{"id":2020,"href":"https:\/\/conavigua.org.gt\/es\/wp-json\/wp\/v2\/posts\/2014\/revisions\/2020"}],"wp:featuredmedia":[{"embeddable":true,"href":"https:\/\/conavigua.org.gt\/es\/wp-json\/wp\/v2\/media\/2015"}],"wp:attachment":[{"href":"https:\/\/conavigua.org.gt\/es\/wp-json\/wp\/v2\/media?parent=2014"}],"wp:term":[{"taxonomy":"category","embeddable":true,"href":"https:\/\/conavigua.org.gt\/es\/wp-json\/wp\/v2\/categories?post=2014"},{"taxonomy":"post_tag","embeddable":true,"href":"https:\/\/conavigua.org.gt\/es\/wp-json\/wp\/v2\/tags?post=2014"}],"curies":[{"name":"wp","href":"https:\/\/api.w.org\/{rel}","templated":true}]}}